{"id":5191,"date":"2026-08-31T15:19:02","date_gmt":"2026-08-31T08:19:02","guid":{"rendered":"https:\/\/thereporter.asia\/eng\/?p=5191"},"modified":"2026-08-31T15:19:02","modified_gmt":"2026-08-31T08:19:02","slug":"nestle-refutes-allegations-qcp","status":"publish","type":"post","link":"https:\/\/thereporter.asia\/eng\/2026\/08\/nestle-refutes-allegations-qcp\/","title":{"rendered":"Nestl\u00e9 Refutes Allegations Against Former Executives Over QCP"},"content":{"rendered":"<p data-path-to-node=\"1\">Nestl\u00e9 has strongly rejected recent allegations against two former executives concerning Quality Coffee Products Co., Ltd. (QCP), affirming that the company has strictly adhered to corporate governance standards and applicable laws throughout its business partnership with the entity.<\/p>\n<h2 data-path-to-node=\"2\">Rebuttal of Allegations and Summons Clarification<\/h2>\n<p data-path-to-node=\"3\">The company addressed recent police summonses issued to two individuals\u2014one formerly employed by QCP and another who previously worked with the firm\u2014following a complaint lodged by Mr. Prayudh Mahagitsiri. Nestl\u00e9 clarified that both individuals had already resigned or retired and departed Thailand prior to the issuance of the summonses, resulting in the notices being delivered to locations where they neither live nor work.<\/p>\n<p data-path-to-node=\"4\">Potential arrest warrants stemming from their non-appearance with authorities are strictly tied to procedural failure to meet the police due to absence from the country, rather than any proven wrongdoing. Nestl\u00e9 stressed that the allegations raised in the complaint remain entirely unproven by any court or official authority.<\/p>\n<h2 data-path-to-node=\"5\">Status of QCP Joint Venture and Executive Changes<\/h2>\n<p data-path-to-node=\"6\">The joint venture agreement between <b data-path-to-node=\"6\" data-index-in-node=\"36\">Nestl\u00e9<\/b> and <b data-path-to-node=\"6\" data-index-in-node=\"47\">Quality Coffee Products Co., Ltd. (QCP)<\/b> was officially terminated on <b data-path-to-node=\"6\" data-index-in-node=\"116\">31 December 2024<\/b>, leading to the complete cessation of operations and the termination of QCP\u2019s rights to manufacture NESCAF\u00c9 products.<\/p>\n<p data-path-to-node=\"7\">Following more than a year of inactive operations and no resolution among shareholders, former QCP Managing Director <b data-path-to-node=\"7\" data-index-in-node=\"117\">Mr. Ramon Mendivil<\/b> stepped down in <b data-path-to-node=\"7\" data-index-in-node=\"152\">January 2026<\/b> to pursue other career paths. Meanwhile, <b data-path-to-node=\"7\" data-index-in-node=\"206\">Mr. Victor Seah<\/b>, who served as Chairman and Chief Executive Officer of <b data-path-to-node=\"7\" data-index-in-node=\"277\">Nestl\u00e9 Indochina<\/b>, officially retired on <b data-path-to-node=\"7\" data-index-in-node=\"317\">30 June 2026<\/b> after eight years of service in Thailand.<\/p>\n<h2 data-path-to-node=\"8\">Operational Continuity and Local Commitment<\/h2>\n<p data-path-to-node=\"9\">Nestl\u00e9 reaffirmed its ongoing business operations in Thailand, focusing on supplying products to local consumers while supporting the economy, society, and the environment. The company continues its procurement activities as a major buyer of locally cultivated Robusta coffee beans from Thai farmers.<\/p>\n<p data-path-to-node=\"12\">#Nestle #QCP #CorporateGovernance #BusinessNews #Thailand #NESCAFE<\/p>\n","protected":false},"excerpt":{"rendered":"<p>Nestl\u00e9 has strongly rejected recent allegations against two former executives concerning Quality Coffee Products Co., Ltd. (QCP), affirming that the company has strictly adhered to corporate governance standards and applicable laws throughout its business partnership with the entity. Rebuttal of&#8230; <\/p>\n","protected":false},"author":1,"featured_media":5194,"comment_status":"closed","ping_status":"closed","sticky":false,"template":"","format":"standard","meta":{"footnotes":""},"categories":[3],"tags":[5888,4371,5783,5887],"class_list":["post-5191","post","type-post","status-publish","format-standard","has-post-thumbnail","hentry","category-consumer","tag-allegations","tag-corporate-governance","tag-nestle","tag-qcp"],"yoast_head":"<!-- This site is optimized with the Yoast SEO plugin v28.3 - https:\/\/yoast.com\/product\/yoast-seo-wordpress\/ -->\n<title>Nestl\u00e9 Refutes Allegations Against Former Executives Over QCP<\/title>\n<meta name=\"description\" content=\"Nestl\u00e9 refutes allegations against former executives over QCP, affirming compliance with governance and laws. Learn more about..\" \/>\n<meta name=\"robots\" content=\"index, follow, max-snippet:-1, max-image-preview:large, max-video-preview:-1\" \/>\n<link rel=\"canonical\" href=\"https:\/\/thereporter.asia\/eng\/2026\/08\/nestle-refutes-allegations-qcp\/\" \/>\n<meta property=\"og:locale\" content=\"en_US\" \/>\n<meta property=\"og:type\" content=\"article\" \/>\n<meta property=\"og:title\" content=\"Nestl\u00e9 Denies Allegations in QCP Case\" \/>\n<meta property=\"og:description\" content=\"Nestl\u00e9 rejects allegations against former execs over QCP, citing compliance and governance. #Nestl\u00e9 #QCP #CorporateGovernance\" \/>\n<meta property=\"og:url\" content=\"https:\/\/thereporter.asia\/eng\/2026\/08\/nestle-refutes-allegations-qcp\/\" \/>\n<meta property=\"og:site_name\" content=\"TheReporterAsia\/eng\" \/>\n<meta property=\"article:publisher\" content=\"https:\/\/www.facebook.com\/thereporter.asia\" \/>\n<meta property=\"article:published_time\" content=\"2026-08-31T08:19:02+00:00\" \/>\n<meta property=\"og:image\" content=\"https:\/\/thereporter.asia\/eng\/wp-content\/uploads\/2026\/08\/nestle-refutes-allegations-qcp.webp\" \/>\n\t<meta property=\"og:image:width\" content=\"750\" \/>\n\t<meta property=\"og:image:height\" content=\"500\" \/>\n\t<meta property=\"og:image:type\" content=\"image\/webp\" \/>\n<meta name=\"author\" content=\"admin\" \/>\n<meta name=\"twitter:card\" content=\"summary_large_image\" \/>\n<meta name=\"twitter:label1\" content=\"Written by\" \/>\n\t<meta name=\"twitter:data1\" content=\"admin\" \/>\n\t<meta name=\"twitter:label2\" content=\"Est. reading time\" \/>\n\t<meta name=\"twitter:data2\" content=\"2 minutes\" \/>\n<script type=\"application\/ld+json\" class=\"yoast-schema-graph\">{\"@context\":\"https:\\\/\\\/schema.org\",\"@graph\":[{\"@type\":\"Article\",\"@id\":\"https:\\\/\\\/thereporter.asia\\\/eng\\\/2026\\\/08\\\/nestle-refutes-allegations-qcp\\\/#article\",\"isPartOf\":{\"@id\":\"https:\\\/\\\/thereporter.asia\\\/eng\\\/2026\\\/08\\\/nestle-refutes-allegations-qcp\\\/\"},\"author\":{\"name\":\"admin\",\"@id\":\"https:\\\/\\\/thereporter.asia\\\/eng\\\/#\\\/schema\\\/person\\\/03d154c7d9f6d115e6e22e3773326417\"},\"headline\":\"Nestl\u00e9 Refutes Allegations Against Former Executives Over QCP\",\"datePublished\":\"2026-08-31T08:19:02+00:00\",\"mainEntityOfPage\":{\"@id\":\"https:\\\/\\\/thereporter.asia\\\/eng\\\/2026\\\/08\\\/nestle-refutes-allegations-qcp\\\/\"},\"wordCount\":317,\"publisher\":{\"@id\":\"https:\\\/\\\/thereporter.asia\\\/eng\\\/#organization\"},\"image\":{\"@id\":\"https:\\\/\\\/thereporter.asia\\\/eng\\\/2026\\\/08\\\/nestle-refutes-allegations-qcp\\\/#primaryimage\"},\"thumbnailUrl\":\"https:\\\/\\\/thereporter.asia\\\/eng\\\/wp-content\\\/uploads\\\/2026\\\/08\\\/nestle-refutes-allegations-qcp.webp\",\"keywords\":[\"allegations\",\"Corporate Governance\",\"Nestl\u00e9\",\"QCP\"],\"articleSection\":[\"CONSUMER\"],\"inLanguage\":\"en-US\"},{\"@type\":\"WebPage\",\"@id\":\"https:\\\/\\\/thereporter.asia\\\/eng\\\/2026\\\/08\\\/nestle-refutes-allegations-qcp\\\/\",\"url\":\"https:\\\/\\\/thereporter.asia\\\/eng\\\/2026\\\/08\\\/nestle-refutes-allegations-qcp\\\/\",\"name\":\"Nestl\u00e9 Refutes Allegations Against Former Executives Over QCP\",\"isPartOf\":{\"@id\":\"https:\\\/\\\/thereporter.asia\\\/eng\\\/#website\"},\"primaryImageOfPage\":{\"@id\":\"https:\\\/\\\/thereporter.asia\\\/eng\\\/2026\\\/08\\\/nestle-refutes-allegations-qcp\\\/#primaryimage\"},\"image\":{\"@id\":\"https:\\\/\\\/thereporter.asia\\\/eng\\\/2026\\\/08\\\/nestle-refutes-allegations-qcp\\\/#primaryimage\"},\"thumbnailUrl\":\"https:\\\/\\\/thereporter.asia\\\/eng\\\/wp-content\\\/uploads\\\/2026\\\/08\\\/nestle-refutes-allegations-qcp.webp\",\"datePublished\":\"2026-08-31T08:19:02+00:00\",\"description\":\"Nestl\u00e9 refutes allegations against former executives over QCP, affirming compliance with governance and laws. Learn more about..\",\"breadcrumb\":{\"@id\":\"https:\\\/\\\/thereporter.asia\\\/eng\\\/2026\\\/08\\\/nestle-refutes-allegations-qcp\\\/#breadcrumb\"},\"inLanguage\":\"en-US\",\"potentialAction\":[{\"@type\":\"ReadAction\",\"target\":[\"https:\\\/\\\/thereporter.asia\\\/eng\\\/2026\\\/08\\\/nestle-refutes-allegations-qcp\\\/\"]}]},{\"@type\":\"ImageObject\",\"inLanguage\":\"en-US\",\"@id\":\"https:\\\/\\\/thereporter.asia\\\/eng\\\/2026\\\/08\\\/nestle-refutes-allegations-qcp\\\/#primaryimage\",\"url\":\"https:\\\/\\\/thereporter.asia\\\/eng\\\/wp-content\\\/uploads\\\/2026\\\/08\\\/nestle-refutes-allegations-qcp.webp\",\"contentUrl\":\"https:\\\/\\\/thereporter.asia\\\/eng\\\/wp-content\\\/uploads\\\/2026\\\/08\\\/nestle-refutes-allegations-qcp.webp\",\"width\":750,\"height\":500,\"caption\":\"Nestl\u00e9 Refutes Allegations Against Former Executives Over QCP\"},{\"@type\":\"BreadcrumbList\",\"@id\":\"https:\\\/\\\/thereporter.asia\\\/eng\\\/2026\\\/08\\\/nestle-refutes-allegations-qcp\\\/#breadcrumb\",\"itemListElement\":[{\"@type\":\"ListItem\",\"position\":1,\"name\":\"Home\",\"item\":\"https:\\\/\\\/thereporter.asia\\\/eng\\\/\"},{\"@type\":\"ListItem\",\"position\":2,\"name\":\"Nestl\u00e9 Refutes Allegations Against Former Executives Over QCP\"}]},{\"@type\":\"WebSite\",\"@id\":\"https:\\\/\\\/thereporter.asia\\\/eng\\\/#website\",\"url\":\"https:\\\/\\\/thereporter.asia\\\/eng\\\/\",\"name\":\"TheReporterAsia\\\/eng\",\"description\":\"The all economy news in ASIA\",\"publisher\":{\"@id\":\"https:\\\/\\\/thereporter.asia\\\/eng\\\/#organization\"},\"potentialAction\":[{\"@type\":\"SearchAction\",\"target\":{\"@type\":\"EntryPoint\",\"urlTemplate\":\"https:\\\/\\\/thereporter.asia\\\/eng\\\/?s={search_term_string}\"},\"query-input\":{\"@type\":\"PropertyValueSpecification\",\"valueRequired\":true,\"valueName\":\"search_term_string\"}}],\"inLanguage\":\"en-US\"},{\"@type\":\"Organization\",\"@id\":\"https:\\\/\\\/thereporter.asia\\\/eng\\\/#organization\",\"name\":\"TheReporterAsia\\\/eng\",\"url\":\"https:\\\/\\\/thereporter.asia\\\/eng\\\/\",\"logo\":{\"@type\":\"ImageObject\",\"inLanguage\":\"en-US\",\"@id\":\"https:\\\/\\\/thereporter.asia\\\/eng\\\/#\\\/schema\\\/logo\\\/image\\\/\",\"url\":\"https:\\\/\\\/thereporter.asia\\\/eng\\\/wp-content\\\/uploads\\\/2023\\\/10\\\/THEREPORTER_logo_274x90.png\",\"contentUrl\":\"https:\\\/\\\/thereporter.asia\\\/eng\\\/wp-content\\\/uploads\\\/2023\\\/10\\\/THEREPORTER_logo_274x90.png\",\"width\":274,\"height\":90,\"caption\":\"TheReporterAsia\\\/eng\"},\"image\":{\"@id\":\"https:\\\/\\\/thereporter.asia\\\/eng\\\/#\\\/schema\\\/logo\\\/image\\\/\"},\"sameAs\":[\"https:\\\/\\\/www.facebook.com\\\/thereporter.asia\"]},{\"@type\":\"Person\",\"@id\":\"https:\\\/\\\/thereporter.asia\\\/eng\\\/#\\\/schema\\\/person\\\/03d154c7d9f6d115e6e22e3773326417\",\"name\":\"admin\",\"image\":{\"@type\":\"ImageObject\",\"inLanguage\":\"en-US\",\"@id\":\"https:\\\/\\\/secure.gravatar.com\\\/avatar\\\/9b0ea1804d31204d776481a8164090158b6ab3dfa8eb0bed6bd41fd7086598e0?s=96&d=mm&r=g\",\"url\":\"https:\\\/\\\/secure.gravatar.com\\\/avatar\\\/9b0ea1804d31204d776481a8164090158b6ab3dfa8eb0bed6bd41fd7086598e0?s=96&d=mm&r=g\",\"contentUrl\":\"https:\\\/\\\/secure.gravatar.com\\\/avatar\\\/9b0ea1804d31204d776481a8164090158b6ab3dfa8eb0bed6bd41fd7086598e0?s=96&d=mm&r=g\",\"caption\":\"admin\"},\"sameAs\":[\"https:\\\/\\\/thereporter.asia\\\/eng\"],\"url\":\"https:\\\/\\\/thereporter.asia\\\/eng\\\/author\\\/vachirahut_hdzdx3nr\\\/\"}]}<\/script>\n<!-- \/ Yoast SEO plugin. -->","yoast_head_json":{"title":"Nestl\u00e9 Refutes Allegations Against Former Executives Over QCP","description":"Nestl\u00e9 refutes allegations against former executives over QCP, affirming compliance with governance and laws. Learn more about..","robots":{"index":"index","follow":"follow","max-snippet":"max-snippet:-1","max-image-preview":"max-image-preview:large","max-video-preview":"max-video-preview:-1"},"canonical":"https:\/\/thereporter.asia\/eng\/2026\/08\/nestle-refutes-allegations-qcp\/","og_locale":"en_US","og_type":"article","og_title":"Nestl\u00e9 Denies Allegations in QCP Case","og_description":"Nestl\u00e9 rejects allegations against former execs over QCP, citing compliance and governance. #Nestl\u00e9 #QCP #CorporateGovernance","og_url":"https:\/\/thereporter.asia\/eng\/2026\/08\/nestle-refutes-allegations-qcp\/","og_site_name":"TheReporterAsia\/eng","article_publisher":"https:\/\/www.facebook.com\/thereporter.asia","article_published_time":"2026-08-31T08:19:02+00:00","og_image":[{"width":750,"height":500,"url":"https:\/\/thereporter.asia\/eng\/wp-content\/uploads\/2026\/08\/nestle-refutes-allegations-qcp.webp","type":"image\/webp"}],"author":"admin","twitter_card":"summary_large_image","twitter_misc":{"Written by":"admin","Est. reading time":"2 minutes"},"schema":{"@context":"https:\/\/schema.org","@graph":[{"@type":"Article","@id":"https:\/\/thereporter.asia\/eng\/2026\/08\/nestle-refutes-allegations-qcp\/#article","isPartOf":{"@id":"https:\/\/thereporter.asia\/eng\/2026\/08\/nestle-refutes-allegations-qcp\/"},"author":{"name":"admin","@id":"https:\/\/thereporter.asia\/eng\/#\/schema\/person\/03d154c7d9f6d115e6e22e3773326417"},"headline":"Nestl\u00e9 Refutes Allegations Against Former Executives Over QCP","datePublished":"2026-08-31T08:19:02+00:00","mainEntityOfPage":{"@id":"https:\/\/thereporter.asia\/eng\/2026\/08\/nestle-refutes-allegations-qcp\/"},"wordCount":317,"publisher":{"@id":"https:\/\/thereporter.asia\/eng\/#organization"},"image":{"@id":"https:\/\/thereporter.asia\/eng\/2026\/08\/nestle-refutes-allegations-qcp\/#primaryimage"},"thumbnailUrl":"https:\/\/thereporter.asia\/eng\/wp-content\/uploads\/2026\/08\/nestle-refutes-allegations-qcp.webp","keywords":["allegations","Corporate Governance","Nestl\u00e9","QCP"],"articleSection":["CONSUMER"],"inLanguage":"en-US"},{"@type":"WebPage","@id":"https:\/\/thereporter.asia\/eng\/2026\/08\/nestle-refutes-allegations-qcp\/","url":"https:\/\/thereporter.asia\/eng\/2026\/08\/nestle-refutes-allegations-qcp\/","name":"Nestl\u00e9 Refutes Allegations Against Former Executives Over QCP","isPartOf":{"@id":"https:\/\/thereporter.asia\/eng\/#website"},"primaryImageOfPage":{"@id":"https:\/\/thereporter.asia\/eng\/2026\/08\/nestle-refutes-allegations-qcp\/#primaryimage"},"image":{"@id":"https:\/\/thereporter.asia\/eng\/2026\/08\/nestle-refutes-allegations-qcp\/#primaryimage"},"thumbnailUrl":"https:\/\/thereporter.asia\/eng\/wp-content\/uploads\/2026\/08\/nestle-refutes-allegations-qcp.webp","datePublished":"2026-08-31T08:19:02+00:00","description":"Nestl\u00e9 refutes allegations against former executives over QCP, affirming compliance with governance and laws. Learn more about..","breadcrumb":{"@id":"https:\/\/thereporter.asia\/eng\/2026\/08\/nestle-refutes-allegations-qcp\/#breadcrumb"},"inLanguage":"en-US","potentialAction":[{"@type":"ReadAction","target":["https:\/\/thereporter.asia\/eng\/2026\/08\/nestle-refutes-allegations-qcp\/"]}]},{"@type":"ImageObject","inLanguage":"en-US","@id":"https:\/\/thereporter.asia\/eng\/2026\/08\/nestle-refutes-allegations-qcp\/#primaryimage","url":"https:\/\/thereporter.asia\/eng\/wp-content\/uploads\/2026\/08\/nestle-refutes-allegations-qcp.webp","contentUrl":"https:\/\/thereporter.asia\/eng\/wp-content\/uploads\/2026\/08\/nestle-refutes-allegations-qcp.webp","width":750,"height":500,"caption":"Nestl\u00e9 Refutes Allegations Against Former Executives Over QCP"},{"@type":"BreadcrumbList","@id":"https:\/\/thereporter.asia\/eng\/2026\/08\/nestle-refutes-allegations-qcp\/#breadcrumb","itemListElement":[{"@type":"ListItem","position":1,"name":"Home","item":"https:\/\/thereporter.asia\/eng\/"},{"@type":"ListItem","position":2,"name":"Nestl\u00e9 Refutes Allegations Against Former Executives Over QCP"}]},{"@type":"WebSite","@id":"https:\/\/thereporter.asia\/eng\/#website","url":"https:\/\/thereporter.asia\/eng\/","name":"TheReporterAsia\/eng","description":"The all economy news in ASIA","publisher":{"@id":"https:\/\/thereporter.asia\/eng\/#organization"},"potentialAction":[{"@type":"SearchAction","target":{"@type":"EntryPoint","urlTemplate":"https:\/\/thereporter.asia\/eng\/?s={search_term_string}"},"query-input":{"@type":"PropertyValueSpecification","valueRequired":true,"valueName":"search_term_string"}}],"inLanguage":"en-US"},{"@type":"Organization","@id":"https:\/\/thereporter.asia\/eng\/#organization","name":"TheReporterAsia\/eng","url":"https:\/\/thereporter.asia\/eng\/","logo":{"@type":"ImageObject","inLanguage":"en-US","@id":"https:\/\/thereporter.asia\/eng\/#\/schema\/logo\/image\/","url":"https:\/\/thereporter.asia\/eng\/wp-content\/uploads\/2023\/10\/THEREPORTER_logo_274x90.png","contentUrl":"https:\/\/thereporter.asia\/eng\/wp-content\/uploads\/2023\/10\/THEREPORTER_logo_274x90.png","width":274,"height":90,"caption":"TheReporterAsia\/eng"},"image":{"@id":"https:\/\/thereporter.asia\/eng\/#\/schema\/logo\/image\/"},"sameAs":["https:\/\/www.facebook.com\/thereporter.asia"]},{"@type":"Person","@id":"https:\/\/thereporter.asia\/eng\/#\/schema\/person\/03d154c7d9f6d115e6e22e3773326417","name":"admin","image":{"@type":"ImageObject","inLanguage":"en-US","@id":"https:\/\/secure.gravatar.com\/avatar\/9b0ea1804d31204d776481a8164090158b6ab3dfa8eb0bed6bd41fd7086598e0?s=96&d=mm&r=g","url":"https:\/\/secure.gravatar.com\/avatar\/9b0ea1804d31204d776481a8164090158b6ab3dfa8eb0bed6bd41fd7086598e0?s=96&d=mm&r=g","contentUrl":"https:\/\/secure.gravatar.com\/avatar\/9b0ea1804d31204d776481a8164090158b6ab3dfa8eb0bed6bd41fd7086598e0?s=96&d=mm&r=g","caption":"admin"},"sameAs":["https:\/\/thereporter.asia\/eng"],"url":"https:\/\/thereporter.asia\/eng\/author\/vachirahut_hdzdx3nr\/"}]}},"_links":{"self":[{"href":"https:\/\/thereporter.asia\/eng\/wp-json\/wp\/v2\/posts\/5191","targetHints":{"allow":["GET"]}}],"collection":[{"href":"https:\/\/thereporter.asia\/eng\/wp-json\/wp\/v2\/posts"}],"about":[{"href":"https:\/\/thereporter.asia\/eng\/wp-json\/wp\/v2\/types\/post"}],"author":[{"embeddable":true,"href":"https:\/\/thereporter.asia\/eng\/wp-json\/wp\/v2\/users\/1"}],"replies":[{"embeddable":true,"href":"https:\/\/thereporter.asia\/eng\/wp-json\/wp\/v2\/comments?post=5191"}],"version-history":[{"count":2,"href":"https:\/\/thereporter.asia\/eng\/wp-json\/wp\/v2\/posts\/5191\/revisions"}],"predecessor-version":[{"id":5193,"href":"https:\/\/thereporter.asia\/eng\/wp-json\/wp\/v2\/posts\/5191\/revisions\/5193"}],"wp:featuredmedia":[{"embeddable":true,"href":"https:\/\/thereporter.asia\/eng\/wp-json\/wp\/v2\/media\/5194"}],"wp:attachment":[{"href":"https:\/\/thereporter.asia\/eng\/wp-json\/wp\/v2\/media?parent=5191"}],"wp:term":[{"taxonomy":"category","embeddable":true,"href":"https:\/\/thereporter.asia\/eng\/wp-json\/wp\/v2\/categories?post=5191"},{"taxonomy":"post_tag","embeddable":true,"href":"https:\/\/thereporter.asia\/eng\/wp-json\/wp\/v2\/tags?post=5191"}],"curies":[{"name":"wp","href":"https:\/\/api.w.org\/{rel}","templated":true}]}}